[{"@context":"https:\/\/schema.org\/","@type":"Article","@id":"https:\/\/www.ionaqua.cz\/zahradka-jako-dlan\/#Article","mainEntityOfPage":"https:\/\/www.ionaqua.cz\/zahradka-jako-dlan\/","headline":"Zahr\u00e1dka jako dla\u0148","name":"Zahr\u00e1dka jako dla\u0148","description":"Samoz\u0159ejm\u011b, \u017ee to nen\u00ed pro ka\u017ed\u00e9ho. Ne v\u0161echny m\u016f\u017ee bavit vrt\u00e1n\u00ed v hl\u00edn\u011b. Proto n\u011bkdo zahr\u00e1dku m\u00e1, ale nestar\u00e1 se [&hellip;]","datePublished":"2023-09-28","dateModified":"2023-09-28","author":{"@type":"Person","@id":"https:\/\/www.ionaqua.cz\/author\/#Person","name":"","url":"https:\/\/www.ionaqua.cz\/author\/","identifier":1,"image":{"@type":"ImageObject","@id":"https:\/\/secure.gravatar.com\/avatar\/430c037ced90dcf4c538a5d7a160d8585497a2f79eed537d1a43f74320df11c6?s=96&d=mm&r=g","url":"https:\/\/secure.gravatar.com\/avatar\/430c037ced90dcf4c538a5d7a160d8585497a2f79eed537d1a43f74320df11c6?s=96&d=mm&r=g","height":96,"width":96}},"publisher":{"@type":"Organization","name":"ionaqua.cz","logo":{"@type":"ImageObject","@id":"\/logo.png","url":"\/logo.png","width":600,"height":60}},"image":{"@type":"ImageObject","@id":"https:\/\/www.ionaqua.cz\/wp-content\/uploads\/garden-822295_640.jpg","url":"https:\/\/www.ionaqua.cz\/wp-content\/uploads\/garden-822295_640.jpg","height":0,"width":0},"url":"https:\/\/www.ionaqua.cz\/zahradka-jako-dlan\/","about":["D\u016fm a zahrada"],"wordCount":440,"articleBody":"Samoz\u0159ejm\u011b, \u017ee to nen\u00ed pro ka\u017ed\u00e9ho. Ne v\u0161echny m\u016f\u017ee bavit vrt\u00e1n\u00ed v hl\u00edn\u011b. Proto n\u011bkdo zahr\u00e1dku m\u00e1, ale nestar\u00e1 se o ni. A u rodinn\u00e9ho domku je to hodn\u011b zn\u00e1t. Zarostl\u00e1 zahrada, kde to vypad\u00e1 jako v pralese nen\u00ed dobrou vizitkou spr\u00e1vn\u00e9ho hospod\u00e1\u0159e. Je to sp\u00ed\u0161e takov\u00e9 smutn\u00e9 pod\u00edv\u00e1n\u00ed na n\u011bco zanedban\u00e9ho, co by t\u0159eba n\u011bkdo jin\u00fd m\u011bl r\u00e1d, ale nem\u00e1 tu mo\u017enost. \u00a0Mo\u017en\u00e1 je to n\u011bjak zafixov\u00e1no v \u010dlov\u011bku, t\u0159eba n\u00e1m to mimozemsk\u00e9 civilizace, kter\u00e9 s n\u00e1mi maj\u00ed n\u011bco spole\u010dn\u00e9ho nechaly v mozku informaci, \u017ee starat se dob\u0159e o p\u016fdu je n\u011bco jako povinnost. Ostatn\u011b, d\u0159\u00edve to bylo kl\u00ed\u010dem k p\u0159e\u017eit\u00ed. Nebyla \u00faroda, nebylo co j\u00edst, a to znamenalo pr\u016f\u0161vih. A to hodn\u011b velk\u00fd. \u00a0Sta\u0159\u00ed zem\u011bd\u011blci v\u011bd\u011bli p\u0159esn\u011b co a jak d\u011blat, ale kdy\u017e se proti nim postavily \u017eivly, bylo ve\u0161ker\u00e9 zem\u011bd\u011blsk\u00e9 um\u011bn\u00ed a znalosti v \u010doudu. V dne\u0161n\u00ed dob\u011b je to drob\u00e1tko jinak, nejsme a\u017e tak z\u00e1visl\u00ed, ale p\u0159esto n\u00e1m ta p\u00e9\u010de o p\u016fdu n\u011bjak z\u016fst\u00e1v\u00e1. U n\u011bkoho v\u00edce u jin\u00e9ho m\u00e9n\u011b, ale je to tam. Proto ten, kdo zahr\u00e1dku nem\u00e1 a m\u00e1 r\u00e1d kv\u011btiny m\u00e1 doma spoustu kv\u011btin\u00e1\u010d\u016f a vrt\u00e1 se alespo\u0148 v nich, kdy\u017e u\u017e ve v\u011bt\u0161\u00edm nem\u016f\u017ee. A bav\u00ed ho to. \u00a0Na zahr\u00e1dce jako takov\u00e9 m\u016f\u017ee r\u016fst v podstat\u011b cokoli, co je v na\u0161ich podm\u00ednk\u00e1ch mo\u017en\u00e9. Ten, kdo nestoj\u00ed o kv\u011btinov\u00e9 poklady tak p\u011bstuje zeleninu. Zasad\u00ed t\u0159eba raj\u010data, brambory, nebo fazole. Pravideln\u011b zal\u00e9v\u00e1 a o\u0161et\u0159uje a pak m\u00e1 radost se sklizen\u00e9 \u00farody. \u00a0N\u011bkdo jin\u00fd zase nem\u00e1 z\u00e1jem b\u00fdt mal\u00fd zem\u011bd\u011blec, a proto m\u00e1 v\u0161ude kv\u011btiny, r\u016f\u017eemi po\u010d\u00ednaje a tulip\u00e1ny kon\u010de. Dal\u0161\u00ed si ud\u011bl\u00e1 na zahr\u00e1dce skalku a jin\u00fd tam chce m\u00edt vodotrysk. Dneska u\u017e je mo\u017en\u00e9 naprosto v\u0161echno. Obchody dok\u00e1\u017eou splnit jak\u00e9koli p\u0159\u00e1n\u00ed. \u00a0M\u00e1te tak\u00e9 zahr\u00e1de\u010dku zahr\u00e1dku? M\u00e1te? A copak tam p\u011bstujete? Jste tak\u00e9 sp\u00ed\u0161e zem\u011bd\u011blec nebo kv\u011btin\u00e1\u0159? Oboj\u00ed je stejn\u011b hezk\u00e9, akor\u00e1t napohled jsou samoz\u0159ejm\u011b hez\u010d\u00ed ty kv\u011btiny. Ale zase t\u0159eba tulip\u00e1ny si asi na ob\u011bd neud\u011bl\u00e1te, \u017ee ne.\u00a0                                                                                                                                                                                                                                                                                                                                                                                                "},{"@context":"https:\/\/schema.org\/","@type":"BreadcrumbList","itemListElement":[{"@type":"ListItem","position":1,"name":"Zahr\u00e1dka jako dla\u0148","item":"https:\/\/www.ionaqua.cz\/zahradka-jako-dlan\/#breadcrumbitem"}]}]